{"id":63939,"date":"2023-01-11T01:53:29","date_gmt":"2023-01-11T01:53:29","guid":{"rendered":"https:\/\/www.americanpan.com\/europe\/american-pan-and-turbelco-form-partnership\/"},"modified":"2024-06-19T18:16:47","modified_gmt":"2024-06-19T17:16:47","slug":"american-pan-si-turbelco-formeaza-un-parteneriat","status":"publish","type":"post","link":"https:\/\/www.americanpan.com\/europe\/ro\/american-pan-si-turbelco-formeaza-un-parteneriat\/","title":{"rendered":"American Pan \u0219i Turbelco formeaz\u0103 un parteneriat"},"content":{"rendered":"<p>Jason Bowman, pre\u0219edintele American Pan Europe &amp; MENA, \u00eempreun\u0103 cu Metin \u0219i Irem Akyilmaz, anun\u021b\u0103 formarea unui parteneriat \u00eentre American Pan \u0219i Turbelco. Noua entitate va fi cunoscut\u0103 sub numele de Turbelco, o companie American Pan.<\/p>\n<p><span style=\"text-decoration: underline;\"><a href=\"https:\/\/www.americanpan.com\/europe\/ro\/\">American Pan<\/a><\/span> este lider mondial \u00een domeniul t\u0103vilor de copt personalizate \u0219i de stoc, al t\u0103vilor cu strat de acoperire \u0219i al serviciilor de recondi\u021bionare a t\u0103vilor pentru brut\u0103rii de toate dimensiunile. <span style=\"text-decoration: underline;\"><a href=\"https:\/\/turbel.com.tr\/en\/\">Turbelco<\/a><\/span> este, de asemenea, un furnizor de frunte pentru industria global\u0103 de panifica\u021bie \u0219i de\u021bine loca\u021bii at\u00e2t \u00een Turcia, c\u00e2t \u0219i \u00een Germania.<\/p>\n<p>Unit\u0103\u021bile Turbelco din Turcia \u0219i Germania vor continua s\u0103 func\u021bioneze ca \u0219i p\u00e2n\u0103 \u00een prezent, cu planuri de investi\u021bii puternice pentru viitor.\u00a0 Acest plan de investi\u021bii include modernizarea instala\u021biei din Germania pentru a oferi servicii de recondi\u021bionare pentru t\u0103vile cu acoperire <span style=\"text-decoration: underline;\"><a href=\"https:\/\/www.americanpan.com\/europe\/ro\/durashield\/\">DuraShield\u00ae<\/a><\/span> \u0219i <span style=\"text-decoration: underline;\"><a href=\"https:\/\/www.americanpan.com\/europe\/ro\/optishield\/\">OptiShield\u00ae<\/a><\/span>, acoperiri antiaderente de lung\u0103 durat\u0103 ale American Pan, lider \u00een industrie.<\/p>\n<p>Metin Akyilmaz, fondator \u0219i director general al Turbelco, a declarat: &#8222;Suntem foarte \u00eenc\u00e2nta\u021bi de parteneriatul cu o companie at\u00e2t de puternic\u0103, experimentat\u0103 \u0219i inovatoare.\u00a0 Acest lucru va permite Turbelco s\u0103 ofere noi produse \u0219i servicii clien\u021bilor no\u0219tri existen\u021bi, precum \u0219i s\u0103 ne extindem produsele pe noi pie\u021be.&#8221;<\/p>\n<p>William Bundy, pre\u0219edintele departamentului de produc\u021bie global\u0103 al American Pan, a declarat: &#8222;Obiectivul nostru este s\u0103 fim \u00eentotdeauna acolo unde clien\u021bii no\u0219tri au nevoie de noi, atunci c\u00e2nd au nevoie de noi.\u00a0 Parteneriatul cu Turbelco ne ofer\u0103 mijloacele de a avansa aceast\u0103 strategie cu o echip\u0103 excep\u021bional\u0103 care are aceea\u0219i dedicare pentru investi\u021bii, inova\u021bie \u0219i servicii pentru clien\u021bi.&#8221;<\/p>\n<p>Oferind un g\u00e2nd final, Irem Akyilmaz, a ad\u0103ugat: &#8222;Este foarte interesant s\u0103 reunim dou\u0103 companii centrate pe familie \u0219i s\u0103 continu\u0103m s\u0103 ne dezvolt\u0103m afacerea \u00eempreun\u0103, pentru a servi mai bine industria global\u0103 de panifica\u021bie.&#8221;<\/p>\n<p>American Pan este o divizie a Bundy Baking Solutions \u0219i are sediul central \u00een Urbana, Ohio, SUA, cu unit\u0103\u021bi suplimentare \u00een Brazilia, Canada, Columbia, Mexic, Rom\u00e2nia, Spania, Suedia \u0219i Marea Britanie.<\/p>\n","protected":false},"excerpt":{"rendered":"<p>Jason Bowman, pre\u0219edintele American Pan Europe &amp; MENA, \u00eempreun\u0103 cu Metin \u0219i Irem Akyilmaz, anun\u021b\u0103 formarea unui parteneriat \u00eentre American Pan \u0219i Turbelco. Noua entitate va fi cunoscut\u0103 sub numele de Turbelco, o companie American Pan. American Pan este lider mondial \u00een domeniul t\u0103vilor de copt personalizate \u0219i de stoc, al t\u0103vilor cu strat de&#8230;<\/p>\n","protected":false},"author":139,"featured_media":64116,"comment_status":"open","ping_status":"open","sticky":false,"template":"","format":"standard","meta":{"_acf_changed":false,"footnotes":""},"categories":[1269],"tags":[],"class_list":["post-63939","post","type-post","status-publish","format-standard","has-post-thumbnail","hentry","category-uncategorized-ro"],"acf":[],"yoast_head":"<!-- This site is optimized with the Yoast SEO Premium plugin v27.4 (Yoast SEO v27.4) - https:\/\/yoast.com\/product\/yoast-seo-premium-wordpress\/ -->\n<title>American Pan \u0219i Turbelco formeaz\u0103 un parteneriat &#8902; American Pan Europe<\/title>\n<meta name=\"description\" content=\"Jason Bowman and Metin and Irem Akyilmaz have announced the formation of a partnership between American Pan and Turbelco. The new entity will be known as Turbelco, an American Pan Company.\" \/>\n<meta name=\"robots\" content=\"index, follow, max-snippet:-1, max-image-preview:large, max-video-preview:-1\" \/>\n<link rel=\"canonical\" href=\"https:\/\/www.americanpan.com\/europe\/ro\/american-pan-si-turbelco-formeaza-un-parteneriat\/\" \/>\n<meta property=\"og:locale\" content=\"ro_RO\" \/>\n<meta property=\"og:type\" content=\"article\" \/>\n<meta property=\"og:title\" content=\"American Pan \u0219i Turbelco formeaz\u0103 un parteneriat &#8902; American Pan Europe\" \/>\n<meta property=\"og:url\" content=\"https:\/\/www.americanpan.com\/europe\/ro\/american-pan-si-turbelco-formeaza-un-parteneriat\/\" \/>\n<meta property=\"og:site_name\" content=\"American Pan Europe\" \/>\n<meta property=\"article:published_time\" content=\"2023-01-11T01:53:29+00:00\" \/>\n<meta property=\"article:modified_time\" content=\"2024-06-19T17:16:47+00:00\" \/>\n<meta property=\"og:image\" content=\"https:\/\/www.americanpan.com\/europe\/wp-content\/uploads\/sites\/18\/2023\/01\/Turbel-Partnership-Announcement_Hero-Image-1.png\" \/>\n\t<meta property=\"og:image:width\" content=\"2400\" \/>\n\t<meta property=\"og:image:height\" content=\"895\" \/>\n\t<meta property=\"og:image:type\" content=\"image\/png\" \/>\n<meta name=\"author\" content=\"ameyer\" \/>\n<meta name=\"twitter:card\" content=\"summary_large_image\" \/>\n<meta name=\"twitter:label1\" content=\"Scris de\" \/>\n\t<meta name=\"twitter:data1\" content=\"ameyer\" \/>\n\t<meta name=\"twitter:label2\" content=\"Timp estimat pentru citire\" \/>\n\t<meta name=\"twitter:data2\" content=\"2 minute\" \/>\n<script type=\"application\/ld+json\" class=\"yoast-schema-graph\">{\"@context\":\"https:\\\/\\\/schema.org\",\"@graph\":[{\"@type\":\"Article\",\"@id\":\"https:\\\/\\\/www.americanpan.com\\\/europe\\\/ro\\\/american-pan-si-turbelco-formeaza-un-parteneriat\\\/#article\",\"isPartOf\":{\"@id\":\"https:\\\/\\\/www.americanpan.com\\\/europe\\\/ro\\\/american-pan-si-turbelco-formeaza-un-parteneriat\\\/\"},\"author\":{\"name\":\"ameyer\",\"@id\":\"https:\\\/\\\/www.americanpan.com\\\/europe\\\/ro\\\/#\\\/schema\\\/person\\\/92e7b23ea077e6257422aa952933627c\"},\"headline\":\"American Pan \u0219i Turbelco formeaz\u0103 un parteneriat\",\"datePublished\":\"2023-01-11T01:53:29+00:00\",\"dateModified\":\"2024-06-19T17:16:47+00:00\",\"mainEntityOfPage\":{\"@id\":\"https:\\\/\\\/www.americanpan.com\\\/europe\\\/ro\\\/american-pan-si-turbelco-formeaza-un-parteneriat\\\/\"},\"wordCount\":367,\"commentCount\":0,\"publisher\":{\"@id\":\"https:\\\/\\\/www.americanpan.com\\\/europe\\\/ro\\\/#organization\"},\"image\":{\"@id\":\"https:\\\/\\\/www.americanpan.com\\\/europe\\\/ro\\\/american-pan-si-turbelco-formeaza-un-parteneriat\\\/#primaryimage\"},\"thumbnailUrl\":\"https:\\\/\\\/www.americanpan.com\\\/europe\\\/wp-content\\\/uploads\\\/sites\\\/18\\\/2023\\\/01\\\/Turbel-Partnership-Announcement_Hero-Image-1.png\",\"articleSection\":[\"Uncategorized @ro\"],\"inLanguage\":\"ro-RO\",\"potentialAction\":[{\"@type\":\"CommentAction\",\"name\":\"Comment\",\"target\":[\"https:\\\/\\\/www.americanpan.com\\\/europe\\\/ro\\\/american-pan-si-turbelco-formeaza-un-parteneriat\\\/#respond\"]}]},{\"@type\":\"WebPage\",\"@id\":\"https:\\\/\\\/www.americanpan.com\\\/europe\\\/ro\\\/american-pan-si-turbelco-formeaza-un-parteneriat\\\/\",\"url\":\"https:\\\/\\\/www.americanpan.com\\\/europe\\\/ro\\\/american-pan-si-turbelco-formeaza-un-parteneriat\\\/\",\"name\":\"American Pan \u0219i Turbelco formeaz\u0103 un parteneriat &#8902; American Pan Europe\",\"isPartOf\":{\"@id\":\"https:\\\/\\\/www.americanpan.com\\\/europe\\\/ro\\\/#website\"},\"primaryImageOfPage\":{\"@id\":\"https:\\\/\\\/www.americanpan.com\\\/europe\\\/ro\\\/american-pan-si-turbelco-formeaza-un-parteneriat\\\/#primaryimage\"},\"image\":{\"@id\":\"https:\\\/\\\/www.americanpan.com\\\/europe\\\/ro\\\/american-pan-si-turbelco-formeaza-un-parteneriat\\\/#primaryimage\"},\"thumbnailUrl\":\"https:\\\/\\\/www.americanpan.com\\\/europe\\\/wp-content\\\/uploads\\\/sites\\\/18\\\/2023\\\/01\\\/Turbel-Partnership-Announcement_Hero-Image-1.png\",\"datePublished\":\"2023-01-11T01:53:29+00:00\",\"dateModified\":\"2024-06-19T17:16:47+00:00\",\"description\":\"Jason Bowman and Metin and Irem Akyilmaz have announced the formation of a partnership between American Pan and Turbelco. The new entity will be known as Turbelco, an American Pan Company.\",\"breadcrumb\":{\"@id\":\"https:\\\/\\\/www.americanpan.com\\\/europe\\\/ro\\\/american-pan-si-turbelco-formeaza-un-parteneriat\\\/#breadcrumb\"},\"inLanguage\":\"ro-RO\",\"potentialAction\":[{\"@type\":\"ReadAction\",\"target\":[\"https:\\\/\\\/www.americanpan.com\\\/europe\\\/ro\\\/american-pan-si-turbelco-formeaza-un-parteneriat\\\/\"]}]},{\"@type\":\"ImageObject\",\"inLanguage\":\"ro-RO\",\"@id\":\"https:\\\/\\\/www.americanpan.com\\\/europe\\\/ro\\\/american-pan-si-turbelco-formeaza-un-parteneriat\\\/#primaryimage\",\"url\":\"https:\\\/\\\/www.americanpan.com\\\/europe\\\/wp-content\\\/uploads\\\/sites\\\/18\\\/2023\\\/01\\\/Turbel-Partnership-Announcement_Hero-Image-1.png\",\"contentUrl\":\"https:\\\/\\\/www.americanpan.com\\\/europe\\\/wp-content\\\/uploads\\\/sites\\\/18\\\/2023\\\/01\\\/Turbel-Partnership-Announcement_Hero-Image-1.png\",\"width\":2400,\"height\":895},{\"@type\":\"BreadcrumbList\",\"@id\":\"https:\\\/\\\/www.americanpan.com\\\/europe\\\/ro\\\/american-pan-si-turbelco-formeaza-un-parteneriat\\\/#breadcrumb\",\"itemListElement\":[{\"@type\":\"ListItem\",\"position\":1,\"name\":\"Home\",\"item\":\"https:\\\/\\\/www.americanpan.com\\\/europe\\\/ro\\\/\"},{\"@type\":\"ListItem\",\"position\":2,\"name\":\"American Pan \u0219i Turbelco formeaz\u0103 un parteneriat\"}]},{\"@type\":\"WebSite\",\"@id\":\"https:\\\/\\\/www.americanpan.com\\\/europe\\\/ro\\\/#website\",\"url\":\"https:\\\/\\\/www.americanpan.com\\\/europe\\\/ro\\\/\",\"name\":\"American Pan Europe\",\"description\":\"Forme de copt industriale si straturi de acoperire\",\"publisher\":{\"@id\":\"https:\\\/\\\/www.americanpan.com\\\/europe\\\/ro\\\/#organization\"},\"potentialAction\":[{\"@type\":\"SearchAction\",\"target\":{\"@type\":\"EntryPoint\",\"urlTemplate\":\"https:\\\/\\\/www.americanpan.com\\\/europe\\\/ro\\\/?s={search_term_string}\"},\"query-input\":{\"@type\":\"PropertyValueSpecification\",\"valueRequired\":true,\"valueName\":\"search_term_string\"}}],\"inLanguage\":\"ro-RO\"},{\"@type\":\"Organization\",\"@id\":\"https:\\\/\\\/www.americanpan.com\\\/europe\\\/ro\\\/#organization\",\"name\":\"American Pan: Forme de copt industriale si straturi de acoperire\",\"url\":\"https:\\\/\\\/www.americanpan.com\\\/europe\\\/ro\\\/\",\"logo\":{\"@type\":\"ImageObject\",\"inLanguage\":\"ro-RO\",\"@id\":\"https:\\\/\\\/www.americanpan.com\\\/europe\\\/ro\\\/#\\\/schema\\\/logo\\\/image\\\/\",\"url\":\"https:\\\/\\\/www.americanpan.com\\\/europe\\\/wp-content\\\/uploads\\\/sites\\\/18\\\/2022\\\/03\\\/logo-europe.png\",\"contentUrl\":\"https:\\\/\\\/www.americanpan.com\\\/europe\\\/wp-content\\\/uploads\\\/sites\\\/18\\\/2022\\\/03\\\/logo-europe.png\",\"width\":458,\"height\":172,\"caption\":\"American Pan: Forme de copt industriale si straturi de acoperire\"},\"image\":{\"@id\":\"https:\\\/\\\/www.americanpan.com\\\/europe\\\/ro\\\/#\\\/schema\\\/logo\\\/image\\\/\"}},{\"@type\":\"Person\",\"@id\":\"https:\\\/\\\/www.americanpan.com\\\/europe\\\/ro\\\/#\\\/schema\\\/person\\\/92e7b23ea077e6257422aa952933627c\",\"name\":\"ameyer\",\"image\":{\"@type\":\"ImageObject\",\"inLanguage\":\"ro-RO\",\"@id\":\"https:\\\/\\\/secure.gravatar.com\\\/avatar\\\/c6f3ba9534e198a97ca4a78279ec77a8296033145001848886d30499629099dd?s=96&d=mm&r=g\",\"url\":\"https:\\\/\\\/secure.gravatar.com\\\/avatar\\\/c6f3ba9534e198a97ca4a78279ec77a8296033145001848886d30499629099dd?s=96&d=mm&r=g\",\"contentUrl\":\"https:\\\/\\\/secure.gravatar.com\\\/avatar\\\/c6f3ba9534e198a97ca4a78279ec77a8296033145001848886d30499629099dd?s=96&d=mm&r=g\",\"caption\":\"ameyer\"},\"url\":\"https:\\\/\\\/www.americanpan.com\\\/europe\\\/ro\\\/author\\\/ameyer\\\/\"}]}<\/script>\n<!-- \/ Yoast SEO Premium plugin. -->","yoast_head_json":{"title":"American Pan \u0219i Turbelco formeaz\u0103 un parteneriat &#8902; American Pan Europe","description":"Jason Bowman and Metin and Irem Akyilmaz have announced the formation of a partnership between American Pan and Turbelco. The new entity will be known as Turbelco, an American Pan Company.","robots":{"index":"index","follow":"follow","max-snippet":"max-snippet:-1","max-image-preview":"max-image-preview:large","max-video-preview":"max-video-preview:-1"},"canonical":"https:\/\/www.americanpan.com\/europe\/ro\/american-pan-si-turbelco-formeaza-un-parteneriat\/","og_locale":"ro_RO","og_type":"article","og_title":"American Pan \u0219i Turbelco formeaz\u0103 un parteneriat &#8902; American Pan Europe","og_url":"https:\/\/www.americanpan.com\/europe\/ro\/american-pan-si-turbelco-formeaza-un-parteneriat\/","og_site_name":"American Pan Europe","article_published_time":"2023-01-11T01:53:29+00:00","article_modified_time":"2024-06-19T17:16:47+00:00","og_image":[{"width":2400,"height":895,"url":"https:\/\/www.americanpan.com\/europe\/wp-content\/uploads\/sites\/18\/2023\/01\/Turbel-Partnership-Announcement_Hero-Image-1.png","type":"image\/png"}],"author":"ameyer","twitter_card":"summary_large_image","twitter_misc":{"Scris de":"ameyer","Timp estimat pentru citire":"2 minute"},"schema":{"@context":"https:\/\/schema.org","@graph":[{"@type":"Article","@id":"https:\/\/www.americanpan.com\/europe\/ro\/american-pan-si-turbelco-formeaza-un-parteneriat\/#article","isPartOf":{"@id":"https:\/\/www.americanpan.com\/europe\/ro\/american-pan-si-turbelco-formeaza-un-parteneriat\/"},"author":{"name":"ameyer","@id":"https:\/\/www.americanpan.com\/europe\/ro\/#\/schema\/person\/92e7b23ea077e6257422aa952933627c"},"headline":"American Pan \u0219i Turbelco formeaz\u0103 un parteneriat","datePublished":"2023-01-11T01:53:29+00:00","dateModified":"2024-06-19T17:16:47+00:00","mainEntityOfPage":{"@id":"https:\/\/www.americanpan.com\/europe\/ro\/american-pan-si-turbelco-formeaza-un-parteneriat\/"},"wordCount":367,"commentCount":0,"publisher":{"@id":"https:\/\/www.americanpan.com\/europe\/ro\/#organization"},"image":{"@id":"https:\/\/www.americanpan.com\/europe\/ro\/american-pan-si-turbelco-formeaza-un-parteneriat\/#primaryimage"},"thumbnailUrl":"https:\/\/www.americanpan.com\/europe\/wp-content\/uploads\/sites\/18\/2023\/01\/Turbel-Partnership-Announcement_Hero-Image-1.png","articleSection":["Uncategorized @ro"],"inLanguage":"ro-RO","potentialAction":[{"@type":"CommentAction","name":"Comment","target":["https:\/\/www.americanpan.com\/europe\/ro\/american-pan-si-turbelco-formeaza-un-parteneriat\/#respond"]}]},{"@type":"WebPage","@id":"https:\/\/www.americanpan.com\/europe\/ro\/american-pan-si-turbelco-formeaza-un-parteneriat\/","url":"https:\/\/www.americanpan.com\/europe\/ro\/american-pan-si-turbelco-formeaza-un-parteneriat\/","name":"American Pan \u0219i Turbelco formeaz\u0103 un parteneriat &#8902; American Pan Europe","isPartOf":{"@id":"https:\/\/www.americanpan.com\/europe\/ro\/#website"},"primaryImageOfPage":{"@id":"https:\/\/www.americanpan.com\/europe\/ro\/american-pan-si-turbelco-formeaza-un-parteneriat\/#primaryimage"},"image":{"@id":"https:\/\/www.americanpan.com\/europe\/ro\/american-pan-si-turbelco-formeaza-un-parteneriat\/#primaryimage"},"thumbnailUrl":"https:\/\/www.americanpan.com\/europe\/wp-content\/uploads\/sites\/18\/2023\/01\/Turbel-Partnership-Announcement_Hero-Image-1.png","datePublished":"2023-01-11T01:53:29+00:00","dateModified":"2024-06-19T17:16:47+00:00","description":"Jason Bowman and Metin and Irem Akyilmaz have announced the formation of a partnership between American Pan and Turbelco. The new entity will be known as Turbelco, an American Pan Company.","breadcrumb":{"@id":"https:\/\/www.americanpan.com\/europe\/ro\/american-pan-si-turbelco-formeaza-un-parteneriat\/#breadcrumb"},"inLanguage":"ro-RO","potentialAction":[{"@type":"ReadAction","target":["https:\/\/www.americanpan.com\/europe\/ro\/american-pan-si-turbelco-formeaza-un-parteneriat\/"]}]},{"@type":"ImageObject","inLanguage":"ro-RO","@id":"https:\/\/www.americanpan.com\/europe\/ro\/american-pan-si-turbelco-formeaza-un-parteneriat\/#primaryimage","url":"https:\/\/www.americanpan.com\/europe\/wp-content\/uploads\/sites\/18\/2023\/01\/Turbel-Partnership-Announcement_Hero-Image-1.png","contentUrl":"https:\/\/www.americanpan.com\/europe\/wp-content\/uploads\/sites\/18\/2023\/01\/Turbel-Partnership-Announcement_Hero-Image-1.png","width":2400,"height":895},{"@type":"BreadcrumbList","@id":"https:\/\/www.americanpan.com\/europe\/ro\/american-pan-si-turbelco-formeaza-un-parteneriat\/#breadcrumb","itemListElement":[{"@type":"ListItem","position":1,"name":"Home","item":"https:\/\/www.americanpan.com\/europe\/ro\/"},{"@type":"ListItem","position":2,"name":"American Pan \u0219i Turbelco formeaz\u0103 un parteneriat"}]},{"@type":"WebSite","@id":"https:\/\/www.americanpan.com\/europe\/ro\/#website","url":"https:\/\/www.americanpan.com\/europe\/ro\/","name":"American Pan Europe","description":"Forme de copt industriale si straturi de acoperire","publisher":{"@id":"https:\/\/www.americanpan.com\/europe\/ro\/#organization"},"potentialAction":[{"@type":"SearchAction","target":{"@type":"EntryPoint","urlTemplate":"https:\/\/www.americanpan.com\/europe\/ro\/?s={search_term_string}"},"query-input":{"@type":"PropertyValueSpecification","valueRequired":true,"valueName":"search_term_string"}}],"inLanguage":"ro-RO"},{"@type":"Organization","@id":"https:\/\/www.americanpan.com\/europe\/ro\/#organization","name":"American Pan: Forme de copt industriale si straturi de acoperire","url":"https:\/\/www.americanpan.com\/europe\/ro\/","logo":{"@type":"ImageObject","inLanguage":"ro-RO","@id":"https:\/\/www.americanpan.com\/europe\/ro\/#\/schema\/logo\/image\/","url":"https:\/\/www.americanpan.com\/europe\/wp-content\/uploads\/sites\/18\/2022\/03\/logo-europe.png","contentUrl":"https:\/\/www.americanpan.com\/europe\/wp-content\/uploads\/sites\/18\/2022\/03\/logo-europe.png","width":458,"height":172,"caption":"American Pan: Forme de copt industriale si straturi de acoperire"},"image":{"@id":"https:\/\/www.americanpan.com\/europe\/ro\/#\/schema\/logo\/image\/"}},{"@type":"Person","@id":"https:\/\/www.americanpan.com\/europe\/ro\/#\/schema\/person\/92e7b23ea077e6257422aa952933627c","name":"ameyer","image":{"@type":"ImageObject","inLanguage":"ro-RO","@id":"https:\/\/secure.gravatar.com\/avatar\/c6f3ba9534e198a97ca4a78279ec77a8296033145001848886d30499629099dd?s=96&d=mm&r=g","url":"https:\/\/secure.gravatar.com\/avatar\/c6f3ba9534e198a97ca4a78279ec77a8296033145001848886d30499629099dd?s=96&d=mm&r=g","contentUrl":"https:\/\/secure.gravatar.com\/avatar\/c6f3ba9534e198a97ca4a78279ec77a8296033145001848886d30499629099dd?s=96&d=mm&r=g","caption":"ameyer"},"url":"https:\/\/www.americanpan.com\/europe\/ro\/author\/ameyer\/"}]}},"_links":{"self":[{"href":"https:\/\/www.americanpan.com\/europe\/ro\/wp-json\/wp\/v2\/posts\/63939","targetHints":{"allow":["GET"]}}],"collection":[{"href":"https:\/\/www.americanpan.com\/europe\/ro\/wp-json\/wp\/v2\/posts"}],"about":[{"href":"https:\/\/www.americanpan.com\/europe\/ro\/wp-json\/wp\/v2\/types\/post"}],"author":[{"embeddable":true,"href":"https:\/\/www.americanpan.com\/europe\/ro\/wp-json\/wp\/v2\/users\/139"}],"replies":[{"embeddable":true,"href":"https:\/\/www.americanpan.com\/europe\/ro\/wp-json\/wp\/v2\/comments?post=63939"}],"version-history":[{"count":0,"href":"https:\/\/www.americanpan.com\/europe\/ro\/wp-json\/wp\/v2\/posts\/63939\/revisions"}],"wp:featuredmedia":[{"embeddable":true,"href":"https:\/\/www.americanpan.com\/europe\/ro\/wp-json\/wp\/v2\/media\/64116"}],"wp:attachment":[{"href":"https:\/\/www.americanpan.com\/europe\/ro\/wp-json\/wp\/v2\/media?parent=63939"}],"wp:term":[{"taxonomy":"category","embeddable":true,"href":"https:\/\/www.americanpan.com\/europe\/ro\/wp-json\/wp\/v2\/categories?post=63939"},{"taxonomy":"post_tag","embeddable":true,"href":"https:\/\/www.americanpan.com\/europe\/ro\/wp-json\/wp\/v2\/tags?post=63939"}],"curies":[{"name":"wp","href":"https:\/\/api.w.org\/{rel}","templated":true}]}}